{"id":2392,"date":"2022-03-04T16:02:26","date_gmt":"2022-03-04T16:02:26","guid":{"rendered":"https:\/\/blog.paulobizarro.com\/?p=2392"},"modified":"2022-03-04T16:06:42","modified_gmt":"2022-03-04T16:06:42","slug":"along-route-23-of-rota-vicentina-near-amado-beach","status":"publish","type":"post","link":"https:\/\/blog.paulobizarro.com\/?p=2392","title":{"rendered":"Along route 23 of Rota Vicentina, near Amado beach"},"content":{"rendered":"\n<p>This walking trail connects the beaches of Amado and Murra\u00e7\u00e3o in the Vicentina coast of southwest Portugal, just south of Carrapateira beach. It is a short circular route, but it crosses some of the most beautiful and characteristic zones of this region, including steep terrain, deeply cut valleys, and wild beaches. A location map is shown below.<\/p>\n\n\n\n<figure class=\"wp-block-image size-large\"><img decoding=\"async\" loading=\"lazy\" width=\"1024\" height=\"576\" src=\"https:\/\/blog.paulobizarro.com\/wp-content\/uploads\/2022\/03\/RV-trail-23-1024x576.jpg\" alt=\"\" class=\"wp-image-2390\" srcset=\"https:\/\/blog.paulobizarro.com\/wp-content\/uploads\/2022\/03\/RV-trail-23-1024x576.jpg 1024w, https:\/\/blog.paulobizarro.com\/wp-content\/uploads\/2022\/03\/RV-trail-23-300x169.jpg 300w, https:\/\/blog.paulobizarro.com\/wp-content\/uploads\/2022\/03\/RV-trail-23-768x432.jpg 768w, https:\/\/blog.paulobizarro.com\/wp-content\/uploads\/2022\/03\/RV-trail-23.jpg 1280w\" sizes=\"(max-width: 1024px) 100vw, 1024px\" \/><figcaption>Location map for route 23 of Rota Vicentina (in blue).<\/figcaption><\/figure>\n\n\n\n<p>After parking the car in Amado, the trail crosses the beach in a southward direction. This is a very popular beach with surfers, who frequent it all year round. The beach is large, and has some very colorful red and yellow rocks on its northern cliffs. As a side note, besides the natural beauty of the scenery, there are many interesting geological features to observe along this walk.<\/p>\n\n\n\n<figure class=\"wp-block-image size-large\"><img decoding=\"async\" loading=\"lazy\" width=\"1024\" height=\"686\" src=\"https:\/\/blog.paulobizarro.com\/wp-content\/uploads\/2022\/03\/amado_22_2_22_1_net-1024x686.jpg\" alt=\"\" class=\"wp-image-2352\" srcset=\"https:\/\/blog.paulobizarro.com\/wp-content\/uploads\/2022\/03\/amado_22_2_22_1_net-1024x686.jpg 1024w, https:\/\/blog.paulobizarro.com\/wp-content\/uploads\/2022\/03\/amado_22_2_22_1_net-300x201.jpg 300w, https:\/\/blog.paulobizarro.com\/wp-content\/uploads\/2022\/03\/amado_22_2_22_1_net-768x514.jpg 768w, https:\/\/blog.paulobizarro.com\/wp-content\/uploads\/2022\/03\/amado_22_2_22_1_net-1536x1028.jpg 1536w, https:\/\/blog.paulobizarro.com\/wp-content\/uploads\/2022\/03\/amado_22_2_22_1_net.jpg 2048w\" sizes=\"(max-width: 1024px) 100vw, 1024px\" \/><figcaption>Amado beach.<\/figcaption><\/figure>\n\n\n\n<figure class=\"wp-block-image size-large\"><img decoding=\"async\" loading=\"lazy\" width=\"1024\" height=\"687\" src=\"https:\/\/blog.paulobizarro.com\/wp-content\/uploads\/2022\/03\/amado_22_2_22_26_net-1024x687.jpg\" alt=\"\" class=\"wp-image-2359\" srcset=\"https:\/\/blog.paulobizarro.com\/wp-content\/uploads\/2022\/03\/amado_22_2_22_26_net-1024x687.jpg 1024w, https:\/\/blog.paulobizarro.com\/wp-content\/uploads\/2022\/03\/amado_22_2_22_26_net-300x201.jpg 300w, https:\/\/blog.paulobizarro.com\/wp-content\/uploads\/2022\/03\/amado_22_2_22_26_net-768x515.jpg 768w, https:\/\/blog.paulobizarro.com\/wp-content\/uploads\/2022\/03\/amado_22_2_22_26_net-1536x1031.jpg 1536w, https:\/\/blog.paulobizarro.com\/wp-content\/uploads\/2022\/03\/amado_22_2_22_26_net.jpg 2048w\" sizes=\"(max-width: 1024px) 100vw, 1024px\" \/><figcaption>Colors in Amado beach.<\/figcaption><\/figure>\n\n\n\n<p>The day was sunny, but with strong winds that are typical of this coast. Leaving Amado behind, the trail starts to climb into the surrounding hills. These have a rounded topography and are covered by short vegetation that clings to the rocky soil. Even though it is wintertime, rainfall has been very scarce, so everything looks a bit dry. In fact, this has been one of the driest winters in Portugal since there are records.<\/p>\n\n\n\n<figure class=\"wp-block-image size-large\"><img decoding=\"async\" loading=\"lazy\" width=\"1024\" height=\"529\" src=\"https:\/\/blog.paulobizarro.com\/wp-content\/uploads\/2022\/03\/amado_22_2_22_18_net-1024x529.jpg\" alt=\"\" class=\"wp-image-2355\" srcset=\"https:\/\/blog.paulobizarro.com\/wp-content\/uploads\/2022\/03\/amado_22_2_22_18_net-1024x529.jpg 1024w, https:\/\/blog.paulobizarro.com\/wp-content\/uploads\/2022\/03\/amado_22_2_22_18_net-300x155.jpg 300w, https:\/\/blog.paulobizarro.com\/wp-content\/uploads\/2022\/03\/amado_22_2_22_18_net-768x397.jpg 768w, https:\/\/blog.paulobizarro.com\/wp-content\/uploads\/2022\/03\/amado_22_2_22_18_net-1536x794.jpg 1536w, https:\/\/blog.paulobizarro.com\/wp-content\/uploads\/2022\/03\/amado_22_2_22_18_net.jpg 2048w\" sizes=\"(max-width: 1024px) 100vw, 1024px\" \/><figcaption>Amado beach from the top of the hill.<\/figcaption><\/figure>\n\n\n\n<p>After a few kilometers, the path meanders up and down through steep terrain, crossing a couple of deeply cut valleys and ravines. Even though we are very close to the sea, the sound of the waves does not carry inland. Before arriving at Murra\u00e7\u00e3o beach, there is a steep ascent up a narrow footpath, at the end of which lies an abandoned house.<\/p>\n\n\n\n<figure class=\"wp-block-image size-large\"><img decoding=\"async\" loading=\"lazy\" width=\"1024\" height=\"686\" src=\"https:\/\/blog.paulobizarro.com\/wp-content\/uploads\/2022\/03\/murracao_22_2_22_4_net-1024x686.jpg\" alt=\"\" class=\"wp-image-2362\" srcset=\"https:\/\/blog.paulobizarro.com\/wp-content\/uploads\/2022\/03\/murracao_22_2_22_4_net-1024x686.jpg 1024w, https:\/\/blog.paulobizarro.com\/wp-content\/uploads\/2022\/03\/murracao_22_2_22_4_net-300x201.jpg 300w, https:\/\/blog.paulobizarro.com\/wp-content\/uploads\/2022\/03\/murracao_22_2_22_4_net-768x514.jpg 768w, https:\/\/blog.paulobizarro.com\/wp-content\/uploads\/2022\/03\/murracao_22_2_22_4_net-1536x1028.jpg 1536w, https:\/\/blog.paulobizarro.com\/wp-content\/uploads\/2022\/03\/murracao_22_2_22_4_net.jpg 2048w\" sizes=\"(max-width: 1024px) 100vw, 1024px\" \/><figcaption>The hills around Murra\u00e7\u00e3o.<\/figcaption><\/figure>\n\n\n\n<figure class=\"wp-block-image size-large\"><img decoding=\"async\" loading=\"lazy\" width=\"1024\" height=\"686\" src=\"https:\/\/blog.paulobizarro.com\/wp-content\/uploads\/2022\/03\/amado_22_2_22_8_net-1024x686.jpg\" alt=\"\" class=\"wp-image-2353\" srcset=\"https:\/\/blog.paulobizarro.com\/wp-content\/uploads\/2022\/03\/amado_22_2_22_8_net-1024x686.jpg 1024w, https:\/\/blog.paulobizarro.com\/wp-content\/uploads\/2022\/03\/amado_22_2_22_8_net-300x201.jpg 300w, https:\/\/blog.paulobizarro.com\/wp-content\/uploads\/2022\/03\/amado_22_2_22_8_net-768x514.jpg 768w, https:\/\/blog.paulobizarro.com\/wp-content\/uploads\/2022\/03\/amado_22_2_22_8_net-1536x1028.jpg 1536w, https:\/\/blog.paulobizarro.com\/wp-content\/uploads\/2022\/03\/amado_22_2_22_8_net.jpg 2048w\" sizes=\"(max-width: 1024px) 100vw, 1024px\" \/><figcaption>Old house on the trail.<\/figcaption><\/figure>\n\n\n\n<p>From here it is an easy walk down a rural road to the beach, but I recommend getting off the track for a while, and make your way to the top of the cliff that overlooks Murra\u00e7\u00e3o. The view over the coast is wonderful, including Murra\u00e7\u00e3o, Amado, and Carrapateira.<\/p>\n\n\n\n<figure class=\"wp-block-image size-large\"><img decoding=\"async\" loading=\"lazy\" width=\"1024\" height=\"687\" src=\"https:\/\/blog.paulobizarro.com\/wp-content\/uploads\/2022\/03\/murracao_22_2_22_2_net-1024x687.jpg\" alt=\"\" class=\"wp-image-2360\" srcset=\"https:\/\/blog.paulobizarro.com\/wp-content\/uploads\/2022\/03\/murracao_22_2_22_2_net-1024x687.jpg 1024w, https:\/\/blog.paulobizarro.com\/wp-content\/uploads\/2022\/03\/murracao_22_2_22_2_net-300x201.jpg 300w, https:\/\/blog.paulobizarro.com\/wp-content\/uploads\/2022\/03\/murracao_22_2_22_2_net-768x515.jpg 768w, https:\/\/blog.paulobizarro.com\/wp-content\/uploads\/2022\/03\/murracao_22_2_22_2_net-1536x1031.jpg 1536w, https:\/\/blog.paulobizarro.com\/wp-content\/uploads\/2022\/03\/murracao_22_2_22_2_net.jpg 2048w\" sizes=\"(max-width: 1024px) 100vw, 1024px\" \/><figcaption>Murra\u00e7\u00e3o beach.<\/figcaption><\/figure>\n\n\n\n<figure class=\"wp-block-image size-large\"><img decoding=\"async\" loading=\"lazy\" width=\"1024\" height=\"686\" src=\"https:\/\/blog.paulobizarro.com\/wp-content\/uploads\/2022\/03\/murracao_22_2_22_3_net-1024x686.jpg\" alt=\"\" class=\"wp-image-2361\" srcset=\"https:\/\/blog.paulobizarro.com\/wp-content\/uploads\/2022\/03\/murracao_22_2_22_3_net-1024x686.jpg 1024w, https:\/\/blog.paulobizarro.com\/wp-content\/uploads\/2022\/03\/murracao_22_2_22_3_net-300x201.jpg 300w, https:\/\/blog.paulobizarro.com\/wp-content\/uploads\/2022\/03\/murracao_22_2_22_3_net-768x514.jpg 768w, https:\/\/blog.paulobizarro.com\/wp-content\/uploads\/2022\/03\/murracao_22_2_22_3_net-1536x1028.jpg 1536w, https:\/\/blog.paulobizarro.com\/wp-content\/uploads\/2022\/03\/murracao_22_2_22_3_net.jpg 2048w\" sizes=\"(max-width: 1024px) 100vw, 1024px\" \/><figcaption>Murra\u00e7\u00e3o beach.<\/figcaption><\/figure>\n\n\n\n<p>As I mentioned before, there are many interesting geological features in the area, especially in Murra\u00e7\u00e3o. If you can, spend some time in the beach looking at these dark Carboniferous rock formations, that have been folded and compressed about 300 million years ago. Also noteworthy are the abundant volcanic dykes that have intruded these host rocks, and provided an interesting color contrast along the cliffs.<\/p>\n\n\n\n<figure class=\"wp-block-image size-large\"><img decoding=\"async\" loading=\"lazy\" width=\"683\" height=\"1024\" src=\"https:\/\/blog.paulobizarro.com\/wp-content\/uploads\/2022\/03\/murracao_22_2_22_7_net-683x1024.jpg\" alt=\"\" class=\"wp-image-2363\" srcset=\"https:\/\/blog.paulobizarro.com\/wp-content\/uploads\/2022\/03\/murracao_22_2_22_7_net-683x1024.jpg 683w, https:\/\/blog.paulobizarro.com\/wp-content\/uploads\/2022\/03\/murracao_22_2_22_7_net-200x300.jpg 200w, https:\/\/blog.paulobizarro.com\/wp-content\/uploads\/2022\/03\/murracao_22_2_22_7_net-768x1152.jpg 768w, https:\/\/blog.paulobizarro.com\/wp-content\/uploads\/2022\/03\/murracao_22_2_22_7_net-1024x1536.jpg 1024w, https:\/\/blog.paulobizarro.com\/wp-content\/uploads\/2022\/03\/murracao_22_2_22_7_net.jpg 1365w\" sizes=\"(max-width: 683px) 100vw, 683px\" \/><figcaption>Volcanic dyke.<\/figcaption><\/figure>\n\n\n\n<figure class=\"wp-block-image size-large\"><img decoding=\"async\" loading=\"lazy\" width=\"683\" height=\"1024\" src=\"https:\/\/blog.paulobizarro.com\/wp-content\/uploads\/2022\/03\/murracao_22_2_22_11_net-683x1024.jpg\" alt=\"\" class=\"wp-image-2364\" srcset=\"https:\/\/blog.paulobizarro.com\/wp-content\/uploads\/2022\/03\/murracao_22_2_22_11_net-683x1024.jpg 683w, https:\/\/blog.paulobizarro.com\/wp-content\/uploads\/2022\/03\/murracao_22_2_22_11_net-200x300.jpg 200w, https:\/\/blog.paulobizarro.com\/wp-content\/uploads\/2022\/03\/murracao_22_2_22_11_net-768x1152.jpg 768w, https:\/\/blog.paulobizarro.com\/wp-content\/uploads\/2022\/03\/murracao_22_2_22_11_net-1024x1536.jpg 1024w, https:\/\/blog.paulobizarro.com\/wp-content\/uploads\/2022\/03\/murracao_22_2_22_11_net.jpg 1365w\" sizes=\"(max-width: 683px) 100vw, 683px\" \/><figcaption>Volcanic dyke.<\/figcaption><\/figure>\n\n\n\n<figure class=\"wp-block-image size-large\"><img decoding=\"async\" loading=\"lazy\" width=\"1024\" height=\"686\" src=\"https:\/\/blog.paulobizarro.com\/wp-content\/uploads\/2022\/03\/murracao_22_2_22_29_net-1024x686.jpg\" alt=\"\" class=\"wp-image-2370\" srcset=\"https:\/\/blog.paulobizarro.com\/wp-content\/uploads\/2022\/03\/murracao_22_2_22_29_net-1024x686.jpg 1024w, https:\/\/blog.paulobizarro.com\/wp-content\/uploads\/2022\/03\/murracao_22_2_22_29_net-300x201.jpg 300w, https:\/\/blog.paulobizarro.com\/wp-content\/uploads\/2022\/03\/murracao_22_2_22_29_net-768x514.jpg 768w, https:\/\/blog.paulobizarro.com\/wp-content\/uploads\/2022\/03\/murracao_22_2_22_29_net-1536x1028.jpg 1536w, https:\/\/blog.paulobizarro.com\/wp-content\/uploads\/2022\/03\/murracao_22_2_22_29_net.jpg 2048w\" sizes=\"(max-width: 1024px) 100vw, 1024px\" \/><figcaption>Folded and stretched.<\/figcaption><\/figure>\n\n\n\n<p>This beach is also an excellent spot for a picnic lunch. A few people were also around, even risking a dive in the cold and rough sea. As I was lying down resting for a while, the Sun started to illuminate the vertical cliffs, adding a nice effect of hazy light and local mist.<\/p>\n\n\n\n<figure class=\"wp-block-image size-large\"><img decoding=\"async\" loading=\"lazy\" width=\"1024\" height=\"686\" src=\"https:\/\/blog.paulobizarro.com\/wp-content\/uploads\/2022\/03\/murracao_22_2_22_19_net-1024x686.jpg\" alt=\"\" class=\"wp-image-2367\" srcset=\"https:\/\/blog.paulobizarro.com\/wp-content\/uploads\/2022\/03\/murracao_22_2_22_19_net-1024x686.jpg 1024w, https:\/\/blog.paulobizarro.com\/wp-content\/uploads\/2022\/03\/murracao_22_2_22_19_net-300x201.jpg 300w, https:\/\/blog.paulobizarro.com\/wp-content\/uploads\/2022\/03\/murracao_22_2_22_19_net-768x514.jpg 768w, https:\/\/blog.paulobizarro.com\/wp-content\/uploads\/2022\/03\/murracao_22_2_22_19_net-1536x1028.jpg 1536w, https:\/\/blog.paulobizarro.com\/wp-content\/uploads\/2022\/03\/murracao_22_2_22_19_net.jpg 2048w\" sizes=\"(max-width: 1024px) 100vw, 1024px\" \/><figcaption>Braving the ocean.<\/figcaption><\/figure>\n\n\n\n<figure class=\"wp-block-image size-large\"><img decoding=\"async\" loading=\"lazy\" width=\"683\" height=\"1024\" src=\"https:\/\/blog.paulobizarro.com\/wp-content\/uploads\/2022\/03\/murracao_22_2_22_23_net-683x1024.jpg\" alt=\"\" class=\"wp-image-2369\" srcset=\"https:\/\/blog.paulobizarro.com\/wp-content\/uploads\/2022\/03\/murracao_22_2_22_23_net-683x1024.jpg 683w, https:\/\/blog.paulobizarro.com\/wp-content\/uploads\/2022\/03\/murracao_22_2_22_23_net-200x300.jpg 200w, https:\/\/blog.paulobizarro.com\/wp-content\/uploads\/2022\/03\/murracao_22_2_22_23_net-768x1152.jpg 768w, https:\/\/blog.paulobizarro.com\/wp-content\/uploads\/2022\/03\/murracao_22_2_22_23_net-1024x1536.jpg 1024w, https:\/\/blog.paulobizarro.com\/wp-content\/uploads\/2022\/03\/murracao_22_2_22_23_net.jpg 1365w\" sizes=\"(max-width: 683px) 100vw, 683px\" \/><figcaption>Misty light from above.<\/figcaption><\/figure>\n\n\n\n<figure class=\"wp-block-image size-large\"><img decoding=\"async\" loading=\"lazy\" width=\"1024\" height=\"687\" src=\"https:\/\/blog.paulobizarro.com\/wp-content\/uploads\/2022\/03\/murracao_22_2_22_13_net-1024x687.jpg\" alt=\"\" class=\"wp-image-2365\" srcset=\"https:\/\/blog.paulobizarro.com\/wp-content\/uploads\/2022\/03\/murracao_22_2_22_13_net-1024x687.jpg 1024w, https:\/\/blog.paulobizarro.com\/wp-content\/uploads\/2022\/03\/murracao_22_2_22_13_net-300x201.jpg 300w, https:\/\/blog.paulobizarro.com\/wp-content\/uploads\/2022\/03\/murracao_22_2_22_13_net-768x515.jpg 768w, https:\/\/blog.paulobizarro.com\/wp-content\/uploads\/2022\/03\/murracao_22_2_22_13_net-1536x1031.jpg 1536w, https:\/\/blog.paulobizarro.com\/wp-content\/uploads\/2022\/03\/murracao_22_2_22_13_net.jpg 2048w\" sizes=\"(max-width: 1024px) 100vw, 1024px\" \/><figcaption>Murra\u00e7\u00e3o beach.<\/figcaption><\/figure>\n\n\n\n<p>From here on, it is an easy walk back to Amado, with more opportunities for photos along the way. The sea was rough with some nice waves, so I spend some time trying to catch some in camera. The view looking southward is also very scenic, with the tall black cliffs adding a lot of mystery.<\/p>\n\n\n\n<figure class=\"wp-block-image size-large\"><img decoding=\"async\" loading=\"lazy\" width=\"1024\" height=\"687\" src=\"https:\/\/blog.paulobizarro.com\/wp-content\/uploads\/2022\/03\/murracao_22_2_22_30_net-1024x687.jpg\" alt=\"\" class=\"wp-image-2371\" srcset=\"https:\/\/blog.paulobizarro.com\/wp-content\/uploads\/2022\/03\/murracao_22_2_22_30_net-1024x687.jpg 1024w, https:\/\/blog.paulobizarro.com\/wp-content\/uploads\/2022\/03\/murracao_22_2_22_30_net-300x201.jpg 300w, https:\/\/blog.paulobizarro.com\/wp-content\/uploads\/2022\/03\/murracao_22_2_22_30_net-768x515.jpg 768w, https:\/\/blog.paulobizarro.com\/wp-content\/uploads\/2022\/03\/murracao_22_2_22_30_net-1536x1031.jpg 1536w, https:\/\/blog.paulobizarro.com\/wp-content\/uploads\/2022\/03\/murracao_22_2_22_30_net.jpg 2048w\" sizes=\"(max-width: 1024px) 100vw, 1024px\" \/><figcaption>Murra\u00e7\u00e3o beach.<\/figcaption><\/figure>\n\n\n\n<figure class=\"wp-block-image size-large\"><img decoding=\"async\" loading=\"lazy\" width=\"1024\" height=\"686\" src=\"https:\/\/blog.paulobizarro.com\/wp-content\/uploads\/2022\/03\/murracao_22_2_22_36_net-1024x686.jpg\" alt=\"\" class=\"wp-image-2372\" srcset=\"https:\/\/blog.paulobizarro.com\/wp-content\/uploads\/2022\/03\/murracao_22_2_22_36_net-1024x686.jpg 1024w, https:\/\/blog.paulobizarro.com\/wp-content\/uploads\/2022\/03\/murracao_22_2_22_36_net-300x201.jpg 300w, https:\/\/blog.paulobizarro.com\/wp-content\/uploads\/2022\/03\/murracao_22_2_22_36_net-768x514.jpg 768w, https:\/\/blog.paulobizarro.com\/wp-content\/uploads\/2022\/03\/murracao_22_2_22_36_net-1536x1028.jpg 1536w, https:\/\/blog.paulobizarro.com\/wp-content\/uploads\/2022\/03\/murracao_22_2_22_36_net.jpg 2048w\" sizes=\"(max-width: 1024px) 100vw, 1024px\" \/><figcaption>Waves.<\/figcaption><\/figure>\n\n\n\n<figure class=\"wp-block-image size-large\"><img decoding=\"async\" loading=\"lazy\" width=\"1024\" height=\"686\" src=\"https:\/\/blog.paulobizarro.com\/wp-content\/uploads\/2022\/03\/murracao_22_2_22_38_net-1024x686.jpg\" alt=\"\" class=\"wp-image-2373\" srcset=\"https:\/\/blog.paulobizarro.com\/wp-content\/uploads\/2022\/03\/murracao_22_2_22_38_net-1024x686.jpg 1024w, https:\/\/blog.paulobizarro.com\/wp-content\/uploads\/2022\/03\/murracao_22_2_22_38_net-300x201.jpg 300w, https:\/\/blog.paulobizarro.com\/wp-content\/uploads\/2022\/03\/murracao_22_2_22_38_net-768x514.jpg 768w, https:\/\/blog.paulobizarro.com\/wp-content\/uploads\/2022\/03\/murracao_22_2_22_38_net-1536x1028.jpg 1536w, https:\/\/blog.paulobizarro.com\/wp-content\/uploads\/2022\/03\/murracao_22_2_22_38_net.jpg 2048w\" sizes=\"(max-width: 1024px) 100vw, 1024px\" \/><figcaption>Waves.<\/figcaption><\/figure>\n\n\n\n<figure class=\"wp-block-image size-large\"><img decoding=\"async\" loading=\"lazy\" width=\"1024\" height=\"686\" src=\"https:\/\/blog.paulobizarro.com\/wp-content\/uploads\/2022\/03\/murracao_22_2_22_21_net-1024x686.jpg\" alt=\"\" class=\"wp-image-2368\" srcset=\"https:\/\/blog.paulobizarro.com\/wp-content\/uploads\/2022\/03\/murracao_22_2_22_21_net-1024x686.jpg 1024w, https:\/\/blog.paulobizarro.com\/wp-content\/uploads\/2022\/03\/murracao_22_2_22_21_net-300x201.jpg 300w, https:\/\/blog.paulobizarro.com\/wp-content\/uploads\/2022\/03\/murracao_22_2_22_21_net-768x514.jpg 768w, https:\/\/blog.paulobizarro.com\/wp-content\/uploads\/2022\/03\/murracao_22_2_22_21_net-1536x1028.jpg 1536w, https:\/\/blog.paulobizarro.com\/wp-content\/uploads\/2022\/03\/murracao_22_2_22_21_net.jpg 2048w\" sizes=\"(max-width: 1024px) 100vw, 1024px\" \/><figcaption>Murra\u00e7\u00e3o beach.<\/figcaption><\/figure>\n\n\n\n<p>After a while, I was back at Amado beach, where I made a few more photos. On the southern part of the beach there are some interesting sand dunes. You do need to pay attention to the tide if you want to venture closer to the cliffs and tidal pools.<\/p>\n\n\n\n<figure class=\"wp-block-image size-large\"><img decoding=\"async\" loading=\"lazy\" width=\"1024\" height=\"629\" src=\"https:\/\/blog.paulobizarro.com\/wp-content\/uploads\/2022\/03\/amado_22_2_22_20_net-1024x629.jpg\" alt=\"\" class=\"wp-image-2356\" srcset=\"https:\/\/blog.paulobizarro.com\/wp-content\/uploads\/2022\/03\/amado_22_2_22_20_net-1024x629.jpg 1024w, https:\/\/blog.paulobizarro.com\/wp-content\/uploads\/2022\/03\/amado_22_2_22_20_net-300x184.jpg 300w, https:\/\/blog.paulobizarro.com\/wp-content\/uploads\/2022\/03\/amado_22_2_22_20_net-768x472.jpg 768w, https:\/\/blog.paulobizarro.com\/wp-content\/uploads\/2022\/03\/amado_22_2_22_20_net-1536x944.jpg 1536w, https:\/\/blog.paulobizarro.com\/wp-content\/uploads\/2022\/03\/amado_22_2_22_20_net.jpg 2048w\" sizes=\"(max-width: 1024px) 100vw, 1024px\" \/><figcaption>Amado beach.<\/figcaption><\/figure>\n\n\n\n<figure class=\"wp-block-image size-large\"><img decoding=\"async\" loading=\"lazy\" width=\"1024\" height=\"484\" src=\"https:\/\/blog.paulobizarro.com\/wp-content\/uploads\/2022\/03\/amado_22_2_22_24_net-1024x484.jpg\" alt=\"\" class=\"wp-image-2357\" srcset=\"https:\/\/blog.paulobizarro.com\/wp-content\/uploads\/2022\/03\/amado_22_2_22_24_net-1024x484.jpg 1024w, https:\/\/blog.paulobizarro.com\/wp-content\/uploads\/2022\/03\/amado_22_2_22_24_net-300x142.jpg 300w, https:\/\/blog.paulobizarro.com\/wp-content\/uploads\/2022\/03\/amado_22_2_22_24_net-768x363.jpg 768w, https:\/\/blog.paulobizarro.com\/wp-content\/uploads\/2022\/03\/amado_22_2_22_24_net-1536x726.jpg 1536w, https:\/\/blog.paulobizarro.com\/wp-content\/uploads\/2022\/03\/amado_22_2_22_24_net.jpg 2048w\" sizes=\"(max-width: 1024px) 100vw, 1024px\" \/><figcaption>Amado beach and incoming tide.<\/figcaption><\/figure>\n\n\n\n<figure class=\"wp-block-image size-large\"><img decoding=\"async\" loading=\"lazy\" width=\"1024\" height=\"687\" src=\"https:\/\/blog.paulobizarro.com\/wp-content\/uploads\/2022\/03\/amado_22_2_22_25_net-1024x687.jpg\" alt=\"\" class=\"wp-image-2358\" srcset=\"https:\/\/blog.paulobizarro.com\/wp-content\/uploads\/2022\/03\/amado_22_2_22_25_net-1024x687.jpg 1024w, https:\/\/blog.paulobizarro.com\/wp-content\/uploads\/2022\/03\/amado_22_2_22_25_net-300x201.jpg 300w, https:\/\/blog.paulobizarro.com\/wp-content\/uploads\/2022\/03\/amado_22_2_22_25_net-768x515.jpg 768w, https:\/\/blog.paulobizarro.com\/wp-content\/uploads\/2022\/03\/amado_22_2_22_25_net-1536x1031.jpg 1536w, https:\/\/blog.paulobizarro.com\/wp-content\/uploads\/2022\/03\/amado_22_2_22_25_net.jpg 2048w\" sizes=\"(max-width: 1024px) 100vw, 1024px\" \/><figcaption>Amado beach.<\/figcaption><\/figure>\n\n\n\n<p>This is another wonderful trail walk that crosses beautiful hilly and coastal regions, that are so typical of the Vicentina coast. It is a short distance, but there are plenty of interesting things to see and photograph. Speaking of photography, for this walk I carried more than my usual Fujifilm kit: 3 cameras and 3 lenses, from wide-angle (14mm) and standard (35mm) to a telephoto zoom (70-300mm). This was because I knew I would use them all, given the variety of subjects. Still, all the gear fitted nicely in the bottom compartment of my backpack, leaving the top compartment for food and drinks.<\/p>\n","protected":false},"excerpt":{"rendered":"<p>This walking trail connects the beaches of Amado and Murra\u00e7\u00e3o in the Vicentina coast of southwest Portugal, just south of Carrapateira beach. It is a short circular route, but it crosses some of the most beautiful and characteristic zones of this region, including steep terrain, deeply cut valleys, and wild beaches. A location map is &hellip; <a href=\"https:\/\/blog.paulobizarro.com\/?p=2392\" class=\"more-link\">Continue reading <span class=\"screen-reader-text\">Along route 23 of Rota Vicentina, near Amado beach<\/span><\/a><\/p>\n","protected":false},"author":1,"featured_media":0,"comment_status":"closed","ping_status":"closed","sticky":false,"template":"","format":"standard","meta":[],"categories":[22],"tags":[],"_links":{"self":[{"href":"https:\/\/blog.paulobizarro.com\/index.php?rest_route=\/wp\/v2\/posts\/2392"}],"collection":[{"href":"https:\/\/blog.paulobizarro.com\/index.php?rest_route=\/wp\/v2\/posts"}],"about":[{"href":"https:\/\/blog.paulobizarro.com\/index.php?rest_route=\/wp\/v2\/types\/post"}],"author":[{"embeddable":true,"href":"https:\/\/blog.paulobizarro.com\/index.php?rest_route=\/wp\/v2\/users\/1"}],"replies":[{"embeddable":true,"href":"https:\/\/blog.paulobizarro.com\/index.php?rest_route=%2Fwp%2Fv2%2Fcomments&post=2392"}],"version-history":[{"count":9,"href":"https:\/\/blog.paulobizarro.com\/index.php?rest_route=\/wp\/v2\/posts\/2392\/revisions"}],"predecessor-version":[{"id":2404,"href":"https:\/\/blog.paulobizarro.com\/index.php?rest_route=\/wp\/v2\/posts\/2392\/revisions\/2404"}],"wp:attachment":[{"href":"https:\/\/blog.paulobizarro.com\/index.php?rest_route=%2Fwp%2Fv2%2Fmedia&parent=2392"}],"wp:term":[{"taxonomy":"category","embeddable":true,"href":"https:\/\/blog.paulobizarro.com\/index.php?rest_route=%2Fwp%2Fv2%2Fcategories&post=2392"},{"taxonomy":"post_tag","embeddable":true,"href":"https:\/\/blog.paulobizarro.com\/index.php?rest_route=%2Fwp%2Fv2%2Ftags&post=2392"}],"curies":[{"name":"wp","href":"https:\/\/api.w.org\/{rel}","templated":true}]}}